{"id":2400,"date":"2024-03-18T21:00:52","date_gmt":"2024-03-18T20:00:52","guid":{"rendered":"https:\/\/umwelthaus-pinneberg.de\/?p=2400"},"modified":"2024-05-02T08:10:43","modified_gmt":"2024-05-02T06:10:43","slug":"kroetenzaehler-2","status":"publish","type":"post","link":"https:\/\/umwelthaus-pinneberg.de\/?p=2400","title":{"rendered":"Kr\u00f6tenz\u00e4hler: aktuelle Kr\u00f6tenzahlen am Hogenkamp"},"content":{"rendered":"\n<style>\r\n\r\n#wpsm_counter_b_row_1520 .wpsm_counterbox\r\n{\r\n\ttext-align:center;\r\n\tmargin-top:50px;\r\n\tmargin-bottom:50px;\r\n}\r\n#wpsm_counter_b_row_1520 .wpsm_counterbox .wpsm_count-icon{\r\n\tdisplay:block;\r\n\tmargin-top:20px;\r\n\tpadding-top:0px;\r\n\tpadding-bottom:0px;\r\n\tmargin-bottom:0px;\r\n\tmargin:0 auto;\r\n}\r\n#wpsm_counter_b_row_1520 .wpsm_counterbox .wpsm_count-icon i{\r\n\tfont-size:20px;\r\n\tcolor:#000000;\r\n}\r\n#wpsm_counter_b_row_1520 .wpsm_counterbox .wpsm_number{\r\n\tfont-size:50px;\r\n\tfont-weight:400;\r\n\tcolor:#000000;\r\n\tfont-family:'Open Sans';\r\n\tletter-spacing:2px;\r\n\tmargin-top:20px;\r\n\tline-height: 1.3em;\r\n\tpadding-top:0px;\r\n\tpadding-bottom:0px;\r\n\tmargin-bottom:0px;\r\n}\r\n#wpsm_counter_b_row_1520 .wpsm_counterbox .wpsm_count-title{\r\n    font-size:18px;\r\n\tfont-weight:bolder;\r\n\tfont-family:'Open Sans';\r\n\tletter-spacing:2px;\r\n    color: #000000;\r\n\tfont-weight:400;\r\n\tmargin-top:20px;\r\n\tpadding-top:0px;\r\n\tpadding-bottom:0px;\r\n\tmargin-bottom:0px;\r\n\tline-height: 1.3em;\r\n}\r\n\r\n<\/style> \r\n\t\t \r\n\t\t\r\n\t\t<style>\r\n\t\t#wpsm_counter_b_row_1520\t\t\t{\r\n\t\t\t\t\r\n\t\t\t\tposition:relative;\r\n\t\t\t\twidth:100%;\r\n\t\t\t\toverflow:hidden;\r\n\t\t\t\ttext-align:center;\r\n\t\t\t}\r\n\t\t\t \r\n\t\t\t#wpsm_counter_b_row_1520 .wpsm_row{\r\n\t\t\toverflow:hidden;\r\n\t\t\tdisplay:block;\r\n\t\t\twidth:100%;\r\n\t\t\t} \r\n\t\t\t \r\n\t\t\t#wpsm_counter_b_row_1520 .wpsm_row{\r\n\t\t\toverflow:visible;\r\n\t\t\t} \r\n\t\t\t \r\n\t\t\t#wpsm_counter_b_row_1520 .wpsm_counterbox .wpsm_count-title{\r\n\t\t\tmin-height:56px;\r\n\t\t\t}}\r\n\t\t\t \r\n\t\t<\/style>\r\n\t\t\r\n\t\t<div class=\"wpsm_counter_b_row\" id=\"wpsm_counter_b_row_1520\">\r\n\t\t\t<div>\r\n\t\t\t\t<div class=\"wpsm_row\">\r\n\t\t\r\n\t\t\t\t\t\t<div class=\"wpsm_col-md-4 wpsm_col-sm-6\">\r\n\t\t\t\t\t<div class=\"wpsm_counterbox\">\r\n\t\t\t\t\t\t\t\t\t\t\t\t<div class=\"wpsm_number\" style=\"#000000\" >\r\n\t\t\t\t\t\t   <span class=\"counter\">1549\t\t\t\t\t\t   <\/span>\r\n\t\t\t\t\t\t    \r\n\t\t\t\t\t    <\/div>\r\n\t\t\t\t\t\t<h3 class=\"wpsm_count-title\" #000000> Kr\u00f6ten \u00fcber die Stra\u00dfe getragen<\/h3>\r\n\t\t\t\t\t\t \r\n\t\t\t\t\t<\/div>\r\n\t\t\t\t<\/div>\r\n\t\t\t\t\t\t\t\r\n\t\t\t<\/div>\t\t\t\t<\/div>\r\n\t\t<\/div>\r\n\t\t\r\n\t\n\n\n\n<p>Stand: 17.03.2024<\/p>\n\n\n\n<p>Der Zaun wurde am 17.2.2024 wieder von langj\u00e4hrigen Helferinnen und Helfern aufgebaut. Der Kr\u00f6tenz\u00e4hler wird von uns wieder m\u00f6glichst aktuell gehalten. <\/p>\n\n\n\n<p><\/p>\n\n\n\n<figure class=\"wp-block-table\"><table><tbody><tr><td><\/td><td>&#x2640; Kr\u00f6ten<\/td><td>&#x2642; Kr\u00f6ten<\/td><td>Kr\u00f6ten ges<\/td><\/tr><tr><td>2014<\/td><td>508<\/td><td>760<\/td><td>1268<\/td><\/tr><tr><td>2015<\/td><td>486<\/td><td>1164<\/td><td>1650<\/td><\/tr><tr><td>2016<\/td><td>539<\/td><td>1139<\/td><td>1678<\/td><\/tr><tr><td>2017<\/td><td>355<\/td><td>1026<\/td><td>1381<\/td><\/tr><tr><td>2018<\/td><td>248<\/td><td>1188<\/td><td>1436<\/td><\/tr><tr><td>2019<\/td><td>462<\/td><td>955<\/td><td>1417<\/td><\/tr><tr><td>2020<\/td><td>237<\/td><td>687<\/td><td>924<\/td><\/tr><tr><td>2021<\/td><td>322<\/td><td>502<\/td><td>824<\/td><\/tr><tr><td>2022<\/td><td>332<\/td><td>480<\/td><td>812<\/td><\/tr><tr><td>2023<\/td><td>461<\/td><td>965<\/td><td>1426<\/td><\/tr><\/tbody><\/table><figcaption class=\"wp-element-caption\">Kr\u00f6tenzahlen am Hogenkamp 2014-2023<\/figcaption><\/figure>\n","protected":false},"excerpt":{"rendered":"<p>Stand: 17.03.2024 Der Zaun wurde am 17.2.2024 wieder von langj\u00e4hrigen Helferinnen und Helfern aufgebaut. Der Kr\u00f6tenz\u00e4hler wird von uns wieder m\u00f6glichst aktuell gehalten. &#x2640; Kr\u00f6ten &#x2642; Kr\u00f6ten Kr\u00f6ten ges 2014 508 760 1268 2015 486 1164 1650 2016 539 1139 1678 2017 355 1026 1381 2018 248 1188 1436 2019 462 955 1417 2020 237 [&hellip;]<\/p>\n","protected":false},"author":8,"featured_media":0,"comment_status":"closed","ping_status":"open","sticky":false,"template":"","format":"standard","meta":{"ngg_post_thumbnail":0,"footnotes":""},"categories":[8],"tags":[],"class_list":["post-2400","post","type-post","status-publish","format-standard","hentry","category-aktuelles"],"publishpress_future_action":{"enabled":false,"date":"2026-05-09 05:21:53","action":"change-status","newStatus":"draft","terms":[],"taxonomy":"category","extraData":[]},"publishpress_future_workflow_manual_trigger":{"enabledWorkflows":[]},"_links":{"self":[{"href":"https:\/\/umwelthaus-pinneberg.de\/index.php?rest_route=\/wp\/v2\/posts\/2400","targetHints":{"allow":["GET"]}}],"collection":[{"href":"https:\/\/umwelthaus-pinneberg.de\/index.php?rest_route=\/wp\/v2\/posts"}],"about":[{"href":"https:\/\/umwelthaus-pinneberg.de\/index.php?rest_route=\/wp\/v2\/types\/post"}],"author":[{"embeddable":true,"href":"https:\/\/umwelthaus-pinneberg.de\/index.php?rest_route=\/wp\/v2\/users\/8"}],"replies":[{"embeddable":true,"href":"https:\/\/umwelthaus-pinneberg.de\/index.php?rest_route=%2Fwp%2Fv2%2Fcomments&post=2400"}],"version-history":[{"count":2,"href":"https:\/\/umwelthaus-pinneberg.de\/index.php?rest_route=\/wp\/v2\/posts\/2400\/revisions"}],"predecessor-version":[{"id":2403,"href":"https:\/\/umwelthaus-pinneberg.de\/index.php?rest_route=\/wp\/v2\/posts\/2400\/revisions\/2403"}],"wp:attachment":[{"href":"https:\/\/umwelthaus-pinneberg.de\/index.php?rest_route=%2Fwp%2Fv2%2Fmedia&parent=2400"}],"wp:term":[{"taxonomy":"category","embeddable":true,"href":"https:\/\/umwelthaus-pinneberg.de\/index.php?rest_route=%2Fwp%2Fv2%2Fcategories&post=2400"},{"taxonomy":"post_tag","embeddable":true,"href":"https:\/\/umwelthaus-pinneberg.de\/index.php?rest_route=%2Fwp%2Fv2%2Ftags&post=2400"}],"curies":[{"name":"wp","href":"https:\/\/api.w.org\/{rel}","templated":true}]}}