{"id":2524,"date":"2024-05-27T16:55:55","date_gmt":"2024-05-27T14:55:55","guid":{"rendered":"https:\/\/umwelthaus-pinneberg.de\/?p=2524"},"modified":"2024-06-03T08:44:34","modified_gmt":"2024-06-03T06:44:34","slug":"rellinger-aktionstage-umweltwoche-wir-sind-dabei","status":"publish","type":"post","link":"https:\/\/umwelthaus-pinneberg.de\/?p=2524","title":{"rendered":"Rellinger Aktionstage | Umweltwoche: Wir sind dabei!"},"content":{"rendered":"\n<p>Vom 26. Mai bis zum 02. Juni 2024 finden die n\u00e4chsten Rellinger Aktionstage auf Impuls vom Klimabeirat unter dem Motto ,,Umweltwoche&#8220; statt. Der Entdeckergarten macht mit und ist mit folgenden kostenlosen Angeboten f\u00fcr Kinder und Erwachsene am Start:<\/p>\n\n\n\n<p><strong>Teilnahme am Gemeinde-Flohmarkt<\/strong><br>Sonntag, 26. Mai, 11-15 Uhr<br><br><strong>Wildkr\u00e4uterf\u00fchrung f\u00fcr Erwachsene<\/strong><br>Sonntag, 26. Mai um 11.00 Uhr<\/p>\n\n\n\n<p><strong>Backen im Holzbackofen f\u00fcr Kinder<\/strong><br>Montag, 27. Mai um 16.00 Uhr<\/p>\n\n\n\n<p><strong>Wildkr\u00e4uterf\u00fchrung f\u00fcr Erwachsene<\/strong><br>Dienstag, 28. Mai um 16.00 Uhr<\/p>\n\n\n\n<p><strong>Backen im Holzbackofen f\u00fcr Kinder<\/strong><br>Freitag, 31. Mai um 16.00 Uhr<br><br><strong>Ort: <\/strong>Entdeckergarten, Tangstedter Str. 101, Rellingen<br><br><strong>Anmeldung<\/strong><br>Um vorherige Anmeldung wird gebeten. Die Teilnehmerzahlen sind begrenzt. Anmeldungen bitte an <a href=\"mailto:lernen@umwelthaus-pinneberg.de\">lernen@umwelthaus-pinneberg.de<\/a> oder \u00fcber unser Kontaktformular:<\/p>\n\n\n\n<div class=\"wp-block-contact-form-7-contact-form-selector\">\n<div class=\"wpcf7 no-js\" id=\"wpcf7-f408-o1\" lang=\"de-DE\" dir=\"ltr\" data-wpcf7-id=\"408\">\n<div class=\"screen-reader-response\"><p role=\"status\" aria-live=\"polite\" aria-atomic=\"true\"><\/p> <ul><\/ul><\/div>\n<form action=\"\/index.php?rest_route=%2Fwp%2Fv2%2Fposts%2F2524#wpcf7-f408-o1\" method=\"post\" class=\"wpcf7-form init\" aria-label=\"Kontaktformular\" novalidate=\"novalidate\" data-status=\"init\">\n<fieldset class=\"hidden-fields-container\"><input type=\"hidden\" name=\"_wpcf7\" value=\"408\" \/><input type=\"hidden\" name=\"_wpcf7_version\" value=\"6.1.5\" \/><input type=\"hidden\" name=\"_wpcf7_locale\" value=\"de_DE\" \/><input type=\"hidden\" name=\"_wpcf7_unit_tag\" value=\"wpcf7-f408-o1\" \/><input type=\"hidden\" name=\"_wpcf7_container_post\" value=\"0\" \/><input type=\"hidden\" name=\"_wpcf7_posted_data_hash\" value=\"\" \/><input type=\"hidden\" name=\"_wpcf7_recaptcha_response\" value=\"\" \/>\n<\/fieldset>\n<p><label> Dein Name (Pflichtfeld)<br \/>\n<span class=\"wpcf7-form-control-wrap\" data-name=\"your-name\"><input size=\"40\" maxlength=\"400\" class=\"wpcf7-form-control wpcf7-text wpcf7-validates-as-required\" aria-required=\"true\" aria-invalid=\"false\" value=\"\" type=\"text\" name=\"your-name\" \/><\/span> <\/label>\n<\/p>\n<p><label> Deine E-Mail-Adresse (Pflichtfeld)<br \/>\n<span class=\"wpcf7-form-control-wrap\" data-name=\"your-email\"><input size=\"40\" maxlength=\"400\" class=\"wpcf7-form-control wpcf7-email wpcf7-validates-as-required wpcf7-text wpcf7-validates-as-email\" aria-required=\"true\" aria-invalid=\"false\" value=\"\" type=\"email\" name=\"your-email\" \/><\/span> <\/label>\n<\/p>\n<p><label> Betreff<br \/>\n<span class=\"wpcf7-form-control-wrap\" data-name=\"your-subject\"><input size=\"40\" maxlength=\"400\" class=\"wpcf7-form-control wpcf7-text\" aria-invalid=\"false\" value=\"Anmeldung zu folgender Veranstaltung:\" type=\"text\" name=\"your-subject\" \/><\/span> <\/label>\n<\/p>\n<p><label> Deine Nachricht<br \/>\n<span class=\"wpcf7-form-control-wrap\" data-name=\"your-message\"><textarea cols=\"40\" rows=\"10\" maxlength=\"2000\" class=\"wpcf7-form-control wpcf7-textarea\" aria-invalid=\"false\" name=\"your-message\"><\/textarea><\/span> <\/label>\n<\/p>\n<p><input class=\"wpcf7-form-control wpcf7-submit has-spinner\" type=\"submit\" value=\"Senden\" \/>\n<\/p><div class=\"wpcf7-response-output\" aria-hidden=\"true\"><\/div>\n<\/form>\n<\/div>\n<\/div>\n\n\n\n<figure class=\"wp-block-image size-full\"><img loading=\"lazy\" decoding=\"async\" width=\"600\" height=\"543\" src=\"https:\/\/umwelthaus-pinneberg.de\/wp-content\/uploads\/2024\/05\/Umweltwoche_web.jpg\" alt=\"\" class=\"wp-image-2528\" srcset=\"https:\/\/umwelthaus-pinneberg.de\/wp-content\/uploads\/2024\/05\/Umweltwoche_web.jpg 600w, https:\/\/umwelthaus-pinneberg.de\/wp-content\/uploads\/2024\/05\/Umweltwoche_web-300x272.jpg 300w\" sizes=\"auto, (max-width: 600px) 100vw, 600px\" \/><figcaption class=\"wp-element-caption\">B\u00fcrgermeister Marc Trampe (von links), Jessica M\u00fcller (\u00d6ffentlichkeitsarbeit), Sonja Dwersteg (Rellingen summt!), Susanne H\u00fclsen (Umwelthaus Pinneberg) und B\u00fcrgervorsteher Martin Claussen freuen sich schon auf die Umweltwoche.<\/figcaption><\/figure>\n","protected":false},"excerpt":{"rendered":"<p>Vom 26. Mai bis zum 02. Juni 2024 finden die n\u00e4chsten Rellinger Aktionstage auf Impuls vom Klimabeirat unter dem Motto ,,Umweltwoche&#8220; statt. Der Entdeckergarten macht mit und ist mit folgenden kostenlosen Angeboten f\u00fcr Kinder und Erwachsene am Start: Teilnahme am Gemeinde-FlohmarktSonntag, 26. Mai, 11-15 Uhr Wildkr\u00e4uterf\u00fchrung f\u00fcr ErwachseneSonntag, 26. Mai um 11.00 Uhr Backen im [&hellip;]<\/p>\n","protected":false},"author":8,"featured_media":2529,"comment_status":"closed","ping_status":"open","sticky":false,"template":"","format":"standard","meta":{"ngg_post_thumbnail":0,"footnotes":""},"categories":[8,2,22,6],"tags":[],"class_list":["post-2524","post","type-post","status-publish","format-standard","has-post-thumbnail","hentry","category-aktuelles","category-allgemein","category-entdeckergarten","category-veranstaltungen"],"publishpress_future_action":{"enabled":false,"date":"2026-05-05 10:41:54","action":"change-status","newStatus":"draft","terms":[],"taxonomy":"category","extraData":[]},"publishpress_future_workflow_manual_trigger":{"enabledWorkflows":[]},"_links":{"self":[{"href":"https:\/\/umwelthaus-pinneberg.de\/index.php?rest_route=\/wp\/v2\/posts\/2524","targetHints":{"allow":["GET"]}}],"collection":[{"href":"https:\/\/umwelthaus-pinneberg.de\/index.php?rest_route=\/wp\/v2\/posts"}],"about":[{"href":"https:\/\/umwelthaus-pinneberg.de\/index.php?rest_route=\/wp\/v2\/types\/post"}],"author":[{"embeddable":true,"href":"https:\/\/umwelthaus-pinneberg.de\/index.php?rest_route=\/wp\/v2\/users\/8"}],"replies":[{"embeddable":true,"href":"https:\/\/umwelthaus-pinneberg.de\/index.php?rest_route=%2Fwp%2Fv2%2Fcomments&post=2524"}],"version-history":[{"count":4,"href":"https:\/\/umwelthaus-pinneberg.de\/index.php?rest_route=\/wp\/v2\/posts\/2524\/revisions"}],"predecessor-version":[{"id":2589,"href":"https:\/\/umwelthaus-pinneberg.de\/index.php?rest_route=\/wp\/v2\/posts\/2524\/revisions\/2589"}],"wp:featuredmedia":[{"embeddable":true,"href":"https:\/\/umwelthaus-pinneberg.de\/index.php?rest_route=\/wp\/v2\/media\/2529"}],"wp:attachment":[{"href":"https:\/\/umwelthaus-pinneberg.de\/index.php?rest_route=%2Fwp%2Fv2%2Fmedia&parent=2524"}],"wp:term":[{"taxonomy":"category","embeddable":true,"href":"https:\/\/umwelthaus-pinneberg.de\/index.php?rest_route=%2Fwp%2Fv2%2Fcategories&post=2524"},{"taxonomy":"post_tag","embeddable":true,"href":"https:\/\/umwelthaus-pinneberg.de\/index.php?rest_route=%2Fwp%2Fv2%2Ftags&post=2524"}],"curies":[{"name":"wp","href":"https:\/\/api.w.org\/{rel}","templated":true}]}}