{"id":2911,"date":"2024-12-16T18:06:55","date_gmt":"2024-12-16T17:06:55","guid":{"rendered":"https:\/\/umwelthaus-pinneberg.de\/?p=2911"},"modified":"2025-03-14T10:04:51","modified_gmt":"2025-03-14T09:04:51","slug":"rueckblick-schmetterlingszaehlung-2024","status":"publish","type":"post","link":"https:\/\/umwelthaus-pinneberg.de\/?p=2911","title":{"rendered":"Die Ergebnisse unserer Schmetterlingsz\u00e4hlung 2024"},"content":{"rendered":"\n<p><em>Zum Lesen des ganzen Beitrags bitte auf die \u00dcberschrift klicken.<\/em><\/p>\n\n\n\n<h4 class=\"wp-block-heading\">Der Entdeckergarten entwickelt sich zu einem Schmetterlingsmagneten<\/h4>\n\n\n\n<p>Von M\u00e4rz bis Oktober konnten alle Schmetterlinge, die Besucher des Gartens entdeckten, in einer daf\u00fcr hergerichteten Tafel per Strich f\u00fcr die entsprechende Art festgehalten werden.<\/p>\n\n\n\n<p>Dieses Projekt wurde von Clara Jeroch, der F\u00f6J`lerin des Jahres 2023-24 und Rainer Reischuck als Mitmachaktion entwickelt und durchgef\u00fchrt. Nun stehen die Ergebnisse fest.<\/p>\n\n\n\n<p>Das Tagpfauenauge, der Zitronenfalter, der Kleine Fuchs und der Admiral waren mit 30 \u2013 50 Nennungen am h\u00e4ufigsten beobachtet worden. Gerade f\u00fcr den Admiral ist es erfreulich, da 7 Beobachtungen im fr\u00fchen Jahr (April\/Mai) auf eine \u00dcberwinterung dieser Art vor Ort hindeuten.<\/p>\n\n\n\n<p>Der Distelfalter wird erst ab August\/September mit 6 Nennungen erw\u00e4hnt. Auch das passt ins Schmetterlingsjahr, da der Distelfalter weiterhin einen weiten Weg aus dem S\u00fcden in den Norden einwandert.<\/p>\n\n\n\n<p>21 Beobachtungen des Bl\u00e4ulings im Verlauf der Sommermonate sind auf eine besondere Vielfalt an Schmetterlingspflanzen, wie Hauhechel, Kronwicke und Hornklee, zur\u00fcckzuf\u00fchren.<\/p>\n\n\n\n<p>Somit pr\u00e4sentiert sich der Entdeckergarten schon nach 10 Jahren der eigenen Entwicklung als Eldorado f\u00fcr Schmetterlinge. Gerade richtig: Denn der Entdeckergarten in Rellingen wird in diesem Jahr 10 Jahre alt und die Vielfalt an Schmetterlingen machen dieses Jubil\u00e4umsjahr noch bunter!<\/p>\n\n\n\n<p>Dieser bunte Reigen der Sommerv\u00f6gel wird mit noch 440(!!) weiteren Nennungen \u201esonstiger Schmetterlinge\u201c vervollst\u00e4ndigt, deren Identifikation den Entdeckerinnen zu ungewiss war.<\/p>\n\n\n\n<p><strong>Dies nehmen der BUND SH und das Umwelthaus Pinneberg zum Anlass im neuen Jahr (2025) am 30. Mai von 14-17 Uhr den Workshop \u201eEin Garten f\u00fcr Schmetterlinge\u201c im \u201eDer Entdeckergarten\u201c in Rellingen&nbsp;im Rahmen des Projekts &#8222;VielFALTERleben&#8220; durchzuf\u00fchren.<\/strong><\/p>\n\n\n\n<p>Ich danke Clara, die das Schau- und Mitmachplakat so engagiert gestaltet und das Projekt bis zur Halbzeit zuverl\u00e4ssig begleitet hat.<\/p>\n\n\n\n<p><a><\/a>Rainer Reischuck Pinneberg, den 12.11. 2024<\/p>\n\n\n\n<figure class=\"wp-block-image size-full\"><img loading=\"lazy\" decoding=\"async\" width=\"425\" height=\"600\" src=\"https:\/\/umwelthaus-pinneberg.de\/wp-content\/uploads\/2024\/12\/Schmetterlinge-Handzettel.jpg\" alt=\"\" class=\"wp-image-2912\" srcset=\"https:\/\/umwelthaus-pinneberg.de\/wp-content\/uploads\/2024\/12\/Schmetterlinge-Handzettel.jpg 425w, https:\/\/umwelthaus-pinneberg.de\/wp-content\/uploads\/2024\/12\/Schmetterlinge-Handzettel-213x300.jpg 213w\" sizes=\"auto, (max-width: 425px) 100vw, 425px\" \/><figcaption class=\"wp-element-caption\">Handzettel <\/figcaption><\/figure>\n","protected":false},"excerpt":{"rendered":"<p>Zum Lesen des ganzen Beitrags bitte auf die \u00dcberschrift klicken. Der Entdeckergarten entwickelt sich zu einem Schmetterlingsmagneten Von M\u00e4rz bis Oktober konnten alle Schmetterlinge, die Besucher des Gartens entdeckten, in einer daf\u00fcr hergerichteten Tafel per Strich f\u00fcr die entsprechende Art festgehalten werden. Dieses Projekt wurde von Clara Jeroch, der F\u00f6J`lerin des Jahres 2023-24 und Rainer [&hellip;]<\/p>\n","protected":false},"author":8,"featured_media":2395,"comment_status":"closed","ping_status":"open","sticky":false,"template":"","format":"standard","meta":{"ngg_post_thumbnail":0,"footnotes":""},"categories":[8,2,22],"tags":[],"class_list":["post-2911","post","type-post","status-publish","format-standard","has-post-thumbnail","hentry","category-aktuelles","category-allgemein","category-entdeckergarten"],"publishpress_future_action":{"enabled":false,"date":"2026-05-06 06:55:04","action":"change-status","newStatus":"draft","terms":[],"taxonomy":"category","extraData":[]},"publishpress_future_workflow_manual_trigger":{"enabledWorkflows":[]},"_links":{"self":[{"href":"https:\/\/umwelthaus-pinneberg.de\/index.php?rest_route=\/wp\/v2\/posts\/2911","targetHints":{"allow":["GET"]}}],"collection":[{"href":"https:\/\/umwelthaus-pinneberg.de\/index.php?rest_route=\/wp\/v2\/posts"}],"about":[{"href":"https:\/\/umwelthaus-pinneberg.de\/index.php?rest_route=\/wp\/v2\/types\/post"}],"author":[{"embeddable":true,"href":"https:\/\/umwelthaus-pinneberg.de\/index.php?rest_route=\/wp\/v2\/users\/8"}],"replies":[{"embeddable":true,"href":"https:\/\/umwelthaus-pinneberg.de\/index.php?rest_route=%2Fwp%2Fv2%2Fcomments&post=2911"}],"version-history":[{"count":3,"href":"https:\/\/umwelthaus-pinneberg.de\/index.php?rest_route=\/wp\/v2\/posts\/2911\/revisions"}],"predecessor-version":[{"id":2951,"href":"https:\/\/umwelthaus-pinneberg.de\/index.php?rest_route=\/wp\/v2\/posts\/2911\/revisions\/2951"}],"wp:featuredmedia":[{"embeddable":true,"href":"https:\/\/umwelthaus-pinneberg.de\/index.php?rest_route=\/wp\/v2\/media\/2395"}],"wp:attachment":[{"href":"https:\/\/umwelthaus-pinneberg.de\/index.php?rest_route=%2Fwp%2Fv2%2Fmedia&parent=2911"}],"wp:term":[{"taxonomy":"category","embeddable":true,"href":"https:\/\/umwelthaus-pinneberg.de\/index.php?rest_route=%2Fwp%2Fv2%2Fcategories&post=2911"},{"taxonomy":"post_tag","embeddable":true,"href":"https:\/\/umwelthaus-pinneberg.de\/index.php?rest_route=%2Fwp%2Fv2%2Ftags&post=2911"}],"curies":[{"name":"wp","href":"https:\/\/api.w.org\/{rel}","templated":true}]}}